{"id":258,"date":"2016-02-16T11:02:36","date_gmt":"2016-02-16T11:02:36","guid":{"rendered":"http:\/\/bandadocs.no-ip.org\/expbanda\/?p=258"},"modified":"2016-03-12T22:02:43","modified_gmt":"2016-03-12T22:02:43","slug":"banda-filarmonica-de-loriga-2011","status":"publish","type":"post","link":"https:\/\/www.bandadeloriga.pt\/?p=258","title":{"rendered":"BANDA FILARM\u00d3NICA DE LORIGA &#8211; 2011"},"content":{"rendered":"<p><img loading=\"lazy\" decoding=\"async\" class=\"wp-image-284 aligncenter zoooom\" src=\"http:\/\/bandadocs.no-ip.org\/expbanda\/wp-content\/uploads\/2016\/02\/2011.jpg\" alt=\"2011\" width=\"785\" height=\"522\" srcset=\"https:\/\/www.bandadeloriga.pt\/wp-content\/uploads\/2016\/02\/2011.jpg 960w, https:\/\/www.bandadeloriga.pt\/wp-content\/uploads\/2016\/02\/2011-300x199.jpg 300w, https:\/\/www.bandadeloriga.pt\/wp-content\/uploads\/2016\/02\/2011-768x510.jpg 768w, https:\/\/www.bandadeloriga.pt\/wp-content\/uploads\/2016\/02\/2011-750x500.jpg 750w, https:\/\/www.bandadeloriga.pt\/wp-content\/uploads\/2016\/02\/2011-400x266.jpg 400w\" sizes=\"auto, (max-width: 785px) 100vw, 785px\" \/><\/p>\n<p style=\"text-align: justify;\">1.\u00aa Fila: Teresa Brito Gouveia, Pedro Alexandre P. Ambr\u00f3sio, Rafael Moreira Pina, In\u00eas Alexandra S. Almeida, Barbara Brito Figueiredo, Francisco Dias Silva, Victor Manuel B. Moura (maestro).<\/p>\n<p style=\"text-align: justify;\">2.\u00aa Fila: Ricardo Miguel M. Santos, Carlos Manuel Brito Lucas, Pedro Miguel M. Dias, S\u00edlvia Conde Pereira, Joaquim Manuel L. Ferreira, Patr\u00edcia Nogueira Ramos, Mariana Lages Brito, Francisca Maria C. Saraiva, Ana Rita S. Almeida, Alicia Romualdo, Andreia Brito Figueiredo, Daniela Filipa G. Barroca, Lu\u00eds Filipe G. Brito, Jo\u00e3o Miguel D. Silva, Carlos Moura Marques, Ana Filipa S. Pereira, Ana Filipa C. Pereira, Maria Jo\u00e3o G. Brito, Rafaela Moreira Almeida, Sara Maria P. Oliveira, Jo\u00e3o Figueiredo Alves, Diogo Andr\u00e9 S. Neves, Jos\u00e9 Augusto F. Santos.<\/p>\n<p style=\"text-align: justify;\">3.\u00aa Fila: Jo\u00e3o Filipe P. Santos, Samuel Gouveia L. Barros, Artur Joaquim F. Fernandes, Fernando Jorge M. Pereira, Jo\u00e3o Filipe B. Loureiro, Roberto Alves Ferreira, Nuno Miguel M. Galv\u00e3o, S\u00e9rgio Oliveira Sim\u00f5es, Edgar Alexandre G. Garcia, Ant\u00f3nio Santos Conde, Jos\u00e9 Nunes Dias, Jorge Santos Marques, Ant\u00f3nio Manuel M. Ferreira, Jos\u00e9 Apar\u00edcio Fernandes, Jos\u00e9 Carlos M. Conde, Jorge Moura Mendes.<\/p>\n","protected":false},"excerpt":{"rendered":"<p>1.\u00aa Fila: Teresa Brito Gouveia, Pedro Alexandre P. Ambr\u00f3sio, Rafael Moreira Pina, In\u00eas Alexandra S. Almeida, Barbara Brito Figueiredo, Francisco Dias Silva, Victor Manuel B. Moura (maestro). 2.\u00aa Fila: Ricardo Miguel M. Santos, Carlos Manuel Brito Lucas, Pedro Miguel M. Dias, S\u00edlvia Conde Pereira, Joaquim Manuel L. Ferreira, Patr\u00edcia Nogueira Ramos, Mariana Lages Brito, Francisca<a href=\"https:\/\/www.bandadeloriga.pt\/?p=258\">[&#8230;]<\/a><\/p>\n","protected":false},"author":1,"featured_media":284,"comment_status":"closed","ping_status":"closed","sticky":false,"template":"","format":"standard","meta":{"ngg_post_thumbnail":0,"footnotes":""},"categories":[10,3],"tags":[],"class_list":["post-258","post","type-post","status-publish","format-standard","has-post-thumbnail","hentry","category-actualidade","category-fotografia"],"_links":{"self":[{"href":"https:\/\/www.bandadeloriga.pt\/index.php?rest_route=\/wp\/v2\/posts\/258","targetHints":{"allow":["GET"]}}],"collection":[{"href":"https:\/\/www.bandadeloriga.pt\/index.php?rest_route=\/wp\/v2\/posts"}],"about":[{"href":"https:\/\/www.bandadeloriga.pt\/index.php?rest_route=\/wp\/v2\/types\/post"}],"author":[{"embeddable":true,"href":"https:\/\/www.bandadeloriga.pt\/index.php?rest_route=\/wp\/v2\/users\/1"}],"replies":[{"embeddable":true,"href":"https:\/\/www.bandadeloriga.pt\/index.php?rest_route=%2Fwp%2Fv2%2Fcomments&post=258"}],"version-history":[{"count":4,"href":"https:\/\/www.bandadeloriga.pt\/index.php?rest_route=\/wp\/v2\/posts\/258\/revisions"}],"predecessor-version":[{"id":500,"href":"https:\/\/www.bandadeloriga.pt\/index.php?rest_route=\/wp\/v2\/posts\/258\/revisions\/500"}],"wp:featuredmedia":[{"embeddable":true,"href":"https:\/\/www.bandadeloriga.pt\/index.php?rest_route=\/wp\/v2\/media\/284"}],"wp:attachment":[{"href":"https:\/\/www.bandadeloriga.pt\/index.php?rest_route=%2Fwp%2Fv2%2Fmedia&parent=258"}],"wp:term":[{"taxonomy":"category","embeddable":true,"href":"https:\/\/www.bandadeloriga.pt\/index.php?rest_route=%2Fwp%2Fv2%2Fcategories&post=258"},{"taxonomy":"post_tag","embeddable":true,"href":"https:\/\/www.bandadeloriga.pt\/index.php?rest_route=%2Fwp%2Fv2%2Ftags&post=258"}],"curies":[{"name":"wp","href":"https:\/\/api.w.org\/{rel}","templated":true}]}}